{"id":6625,"date":"2026-02-23T19:59:58","date_gmt":"2026-02-23T19:59:58","guid":{"rendered":"http:\/\/www.tosiad.com.tr\/?p=6625"},"modified":"2026-02-23T20:02:17","modified_gmt":"2026-02-23T20:02:17","slug":"tokatin-uretim-gelecegi-gormezden-gelinemez","status":"publish","type":"post","link":"http:\/\/www.tosiad.com.tr\/?p=6625","title":{"rendered":"TOKAT\u2019IN \u00dcRET\u0130M GELECE\u011e\u0130 G\u00d6RMEZDEN GEL\u0130NEMEZ!"},"content":{"rendered":"\n<p><blockquote>\n<ol>\n<li>Sanayi ve Teknoloji Bakanl\u0131\u011f\u0131 taraf\u0131ndan ilan edilen <strong>&#8220;Sanayi Alanlar\u0131 Master Plan\u0131&#8221;<\/strong> kapsam\u0131nda, Samsun\u2019dan Mersin\u2019e uzanan lojistik hatt\u0131 \u00fczerindeki 13 ilde 16 yeni sanayi alan\u0131 belirlenmi\u015f, ancak stratejik konumu ve \u00fcretim potansiyeliyle bu hatt\u0131n kalbinde yer alan <strong>Tokat\u2019\u0131m\u0131z\u0131n bu listede yer almad\u0131\u011f\u0131n\u0131<\/strong> \u00fcz\u00fclerek takip etmi\u015f bulunmaktay\u0131z.<\/li>\n<\/ol>\n<\/blockquote><\/p>\n\n\n\n<p>\u200bTokatl\u0131 i\u015f d\u00fcnyas\u0131n\u0131n temsilcileri olarak bizler; bu karar\u0131n sadece bir &#8220;alan tahsisi&#8221; de\u011fil, \u015fehrimizin \u00f6n\u00fcm\u00fczdeki on y\u0131llar\u0131n\u0131 etkileyecek bir <strong>yat\u0131r\u0131m tercihi<\/strong> oldu\u011funun bilincindeyiz. Tokat\u2019\u0131n d\u0131\u015far\u0131da b\u0131rak\u0131lmas\u0131, b\u00f6lgesel kalk\u0131nma hedefleriyle ba\u011fda\u015fmad\u0131\u011f\u0131 gibi, \u015fehrimizin sanayile\u015fme azmine de vurulmu\u015f bir sekte niteli\u011findedir.<\/p>\n\n\n\n<h3 class=\"wp-block-heading\">\u200bNeden Tokat Bu Plan\u0131n \u0130\u00e7inde Olmal\u0131?<\/h3>\n\n\n\n<p>\u200bBakanl\u0131\u011f\u0131n kriter olarak sundu\u011fu pek \u00e7ok ba\u015fl\u0131k, asl\u0131nda Tokat\u2019\u0131n en g\u00fc\u00e7l\u00fc kaslar\u0131d\u0131r:<\/p>\n\n\n\n<ul class=\"wp-block-list\">\n<li>\u200b<strong>Stratejik Konum:<\/strong> Karadeniz\u2019i \u0130\u00e7 Anadolu ve G\u00fcney\u2019e ba\u011flayan lojistik aks\u0131n tam merkezindeyiz.<\/li>\n\n\n\n<li>\u200b<strong>\u00dcretim K\u00fclt\u00fcr\u00fc:<\/strong> Tar\u0131ma dayal\u0131 sanayiden makine imalat\u0131na kadar k\u00f6kl\u00fc bir OSB tecr\u00fcbesine sahibiz.<\/li>\n\n\n\n<li>\u200b<strong>Gen\u00e7 \u0130stihdam:<\/strong> G\u00f6\u00e7\u00fc durdurman\u0131n tek yolu, gen\u00e7lerimize do\u011fduklar\u0131 topraklarda &#8220;sanayi ve \u00fcretim&#8221; imk\u00e2n\u0131 sunmakt\u0131r.<\/li>\n<\/ul>\n\n\n\n<h3 class=\"wp-block-heading\">\u200b\u00c7a\u011fr\u0131m\u0131z Siyaset \u00dcst\u00fcd\u00fcr!<\/h3>\n\n\n\n<p>\u200bTokatl\u0131 \u0130\u015f Adamlar\u0131 Derne\u011fi olarak; bu meselenin siyasi bir \u00e7eki\u015fme de\u011fil, bir <strong>memleket meselesi<\/strong> oldu\u011funu vurguluyoruz. Yat\u0131r\u0131mc\u0131ya &#8220;yer yok&#8221; demek, Tokat\u2019\u0131n b\u00fcy\u00fcme potansiyeline kilit vurmakt\u0131r.<\/p>\n\n\n\n<p>\u200b<strong>Buradan yetkililere ve \u015fehrimizin t\u00fcm payda\u015flar\u0131na sesleniyoruz:<\/strong><\/p>\n\n\n\n<ol class=\"wp-block-list\">\n<li>\u200bBakanl\u0131\u011f\u0131m\u0131z\u0131n, Tokat\u2019\u0131n neden kapsam d\u0131\u015f\u0131 b\u0131rak\u0131ld\u0131\u011f\u0131na dair teknik gerek\u00e7eleri \u015feffaf\u00e7a payla\u015fmas\u0131n\u0131 bekliyoruz.<\/li>\n\n\n\n<li>\u200bTokat\u2019taki mevcut ve potansiyel sanayi alanlar\u0131n\u0131n, bu master plana dahil edilmesi i\u00e7in gerekli revizyonlar\u0131n derhal yap\u0131lmas\u0131n\u0131 talep ediyoruz.<\/li>\n\n\n\n<li>\u200b\u015eehrimizin milletvekilleri, yerel y\u00f6neticileri, akademik d\u00fcnyas\u0131 ve STK\u2019lar\u0131 ile birlikte Ankara nezdinde g\u00fc\u00e7l\u00fc bir <strong>&#8220;Tokat Lobisi&#8221;<\/strong> olu\u015fturmaya haz\u0131r oldu\u011fumuzu ilan ediyoruz.<\/li>\n<\/ol>\n\n\n\n<p>\u200bTokat; tar\u0131m\u0131yla besleyen, sanayisiyle b\u00fcy\u00fcten, insan\u0131yla \u00fcreten bir \u015fehirdir. Bu hakl\u0131 davada, Tokat i\u015f d\u00fcnyas\u0131n\u0131n sesi olmaya ve \u015fehrimizin hakk\u0131n\u0131 her platformda aramaya devam edece\u011fiz.<\/p>\n\n\n\n<p>\u200b<strong>Kamuoyuna sayg\u0131yla duyurulur.<\/strong><\/p>\n\n\n\n<p>\u200b<strong>Tahir VANLI<\/strong><\/p>\n\n\n\n<p><em>Tokatl\u0131 Sanayici ve \u0130\u015f Adamlar\u0131 Derne\u011fi Genel Ba\u015fkan\u0131<\/em><\/p>\n\n\n\n<p>&nbsp;<\/p>\n\n\n\n<p><\/p>\n","protected":false},"excerpt":{"rendered":"<p>Sanayi ve Teknoloji Bakanl\u0131\u011f\u0131 taraf\u0131ndan ilan edilen &#8220;Sanayi Alanlar\u0131 Master Plan\u0131&#8221; kapsam\u0131nda, Samsun\u2019dan Mersin\u2019e uzanan lojistik hatt\u0131 \u00fczerindeki 13 ilde 16 yeni sanayi alan\u0131 belirlenmi\u015f, ancak stratejik konumu ve \u00fcretim&#8230;<\/p>\n","protected":false},"author":1,"featured_media":6627,"comment_status":"open","ping_status":"open","sticky":false,"template":"","format":"standard","meta":{"footnotes":""},"categories":[60,66],"tags":[],"class_list":{"0":"post-6625","1":"post","2":"type-post","3":"status-publish","4":"format-standard","5":"has-post-thumbnail","7":"category-haberler","8":"category-tahir-vanli"},"_links":{"self":[{"href":"http:\/\/www.tosiad.com.tr\/index.php?rest_route=\/wp\/v2\/posts\/6625","targetHints":{"allow":["GET"]}}],"collection":[{"href":"http:\/\/www.tosiad.com.tr\/index.php?rest_route=\/wp\/v2\/posts"}],"about":[{"href":"http:\/\/www.tosiad.com.tr\/index.php?rest_route=\/wp\/v2\/types\/post"}],"author":[{"embeddable":true,"href":"http:\/\/www.tosiad.com.tr\/index.php?rest_route=\/wp\/v2\/users\/1"}],"replies":[{"embeddable":true,"href":"http:\/\/www.tosiad.com.tr\/index.php?rest_route=%2Fwp%2Fv2%2Fcomments&post=6625"}],"version-history":[{"count":3,"href":"http:\/\/www.tosiad.com.tr\/index.php?rest_route=\/wp\/v2\/posts\/6625\/revisions"}],"predecessor-version":[{"id":6629,"href":"http:\/\/www.tosiad.com.tr\/index.php?rest_route=\/wp\/v2\/posts\/6625\/revisions\/6629"}],"wp:featuredmedia":[{"embeddable":true,"href":"http:\/\/www.tosiad.com.tr\/index.php?rest_route=\/wp\/v2\/media\/6627"}],"wp:attachment":[{"href":"http:\/\/www.tosiad.com.tr\/index.php?rest_route=%2Fwp%2Fv2%2Fmedia&parent=6625"}],"wp:term":[{"taxonomy":"category","embeddable":true,"href":"http:\/\/www.tosiad.com.tr\/index.php?rest_route=%2Fwp%2Fv2%2Fcategories&post=6625"},{"taxonomy":"post_tag","embeddable":true,"href":"http:\/\/www.tosiad.com.tr\/index.php?rest_route=%2Fwp%2Fv2%2Ftags&post=6625"}],"curies":[{"name":"wp","href":"https:\/\/api.w.org\/{rel}","templated":true}]}}